{"id":211,"date":"2020-08-13T08:10:23","date_gmt":"2020-08-13T08:10:23","guid":{"rendered":"https:\/\/fightwithgluten.com\/?p=211"},"modified":"2021-06-27T19:46:35","modified_gmt":"2021-06-27T19:46:35","slug":"ganduri-dupa-doi-ani-impreuna-schimbari-majore","status":"publish","type":"post","link":"https:\/\/fightwithgluten.com\/en\/ganduri-dupa-doi-ani-impreuna-schimbari-majore\/","title":{"rendered":"Two years of blogging and its changes"},"content":{"rendered":"<p>Today is our birthday! Mine, the blog's and of course the community's out there. I am 30, and the blog only two years old. Beautiful years...! Next year we will be in another place, we will celebrate something else.<\/p>\n\n\n\n<p>I was dreaming a lot&nbsp;<a href=\"https:\/\/bunatatifaragluten.ro\/primul-an-fara-gluten\/\" target=\"_blank\" rel=\"noreferrer noopener\">last year.<\/a>&nbsp;Unfortunately, there were too few dreams that came true. I suppose it happened to a lot of you because of the pandemic situation. In my case, I cannot blame the pandemic situation, but work from home stopped my wish to spend more time in front of a computer.<\/p>\n\n\n\n<p>Despite all, I tried to be close to you and offer some information. The best things which happened this year are:<\/p>\n\n\n\n<ul class=\"wp-block-list\"><li><a href=\"https:\/\/bunatatifaragluten.ro\/tabara-de-iarna-fara-gluten-2019\/\" target=\"_blank\" rel=\"noreferrer noopener\">Tab\u0103ra de iarn\u0103 \u2013 f\u0103r\u0103 gluten<\/a><\/li><li><a href=\"https:\/\/bunatatifaragluten.ro\/naturking-produse-fara-gluten\/\" target=\"_blank\" rel=\"noreferrer noopener\">Testarea produselor f\u0103r\u0103 gluten \u0219i oferirea p\u0103rerilor personale despre acestea<\/a><\/li><li><a href=\"https:\/\/bunatatifaragluten.ro\/aventura-la-cort-1\/\" target=\"_blank\" rel=\"noreferrer noopener\">Via\u021ba \u00een camping<\/a><\/li><li><a href=\"https:\/\/bunatatifaragluten.ro\/de-vorba-cu-dr-lidia-cremer\/\" target=\"_blank\" rel=\"noreferrer noopener\">Interviul cu dr. Lidia Cremer<\/a><\/li><\/ul>\n\n\n\n<p>What will be happening until next year? A lot of changes. The activity of this blog will be closed. Don't worry! A new beautiful project is up to start. At the right time, I will announce the kick-off:&nbsp;<a href=\"https:\/\/fightwithgluten.com\/en\/\" target=\"_blank\" rel=\"noreferrer noopener\">FIGHT WITH GLUTEN.<\/a><\/p>\n\n\n\n<p>The change is necessary because I want to be more visible. Not only in Romania, but around the world. Also, a beautiful interface is in progress. I want to complete the blog with useful information about gluten, a guide for new celiac and much more.<\/p>\n\n\n\n<p>If you like to see something here, don't be afraid to ask.<\/p>\n\n\n\n<p>If you like to share your story for helping others, I am here.<\/p>\n\n\n\n<p>Next year is filled with ideas, dreams and hopes. Let's keep in touch.<\/p>","protected":false},"excerpt":{"rendered":"<p>Azi e ziua noastr\u0103! A mea, a blogului \u0219i a comunit\u0103\u021bii ce s-a creat \u00een jurul acestuia. Eu fac treizeci, blogul numa\u2019 doi. Dar doi ani frumo\u0219i. Cu toate acestea, pe al treilea nu \u00eel vom mai s\u0103rb\u0103tori. Cel pu\u021bin nu \u00een aceast\u0103 form\u0103. Povesteam multe&nbsp;anul trecut&nbsp;\u0219i aveam planuri o mie. Din p\u0103cate pu\u021bine au [&hellip;]<\/p>\n","protected":false},"author":1,"featured_media":294,"comment_status":"open","ping_status":"open","sticky":false,"template":"","format":"standard","meta":{"om_disable_all_campaigns":false,"wprm-recipe-roundup-name":"","wprm-recipe-roundup-description":"","_monsterinsights_skip_tracking":false,"_monsterinsights_sitenote_active":false,"_monsterinsights_sitenote_note":"","_monsterinsights_sitenote_category":0,"footnotes":""},"categories":[41,5],"tags":[],"class_list":["post-211","post","type-post","status-publish","format-standard","has-post-thumbnail","hentry","category-experiente-fara-gluten","category-viata-fara-gluten"],"aioseo_notices":[],"blog_post_layout_featured_media_urls":{"thumbnail":["https:\/\/fightwithgluten.com\/wp-content\/uploads\/2020\/08\/doi-ani-gluten-free-150x150.jpg",150,150,true],"full":["https:\/\/fightwithgluten.com\/wp-content\/uploads\/2020\/08\/doi-ani-gluten-free.jpg",1000,667,false]},"categories_names":{"41":{"name":"Experien\u021be f\u0103r\u0103 gluten","link":"https:\/\/fightwithgluten.com\/en\/category\/viata-fara-gluten\/experiente-fara-gluten\/"},"5":{"name":"Gluten free life","link":"https:\/\/fightwithgluten.com\/en\/category\/viata-fara-gluten\/"}},"tags_names":[],"comments_number":"144","_links":{"self":[{"href":"https:\/\/fightwithgluten.com\/en\/wp-json\/wp\/v2\/posts\/211","targetHints":{"allow":["GET"]}}],"collection":[{"href":"https:\/\/fightwithgluten.com\/en\/wp-json\/wp\/v2\/posts"}],"about":[{"href":"https:\/\/fightwithgluten.com\/en\/wp-json\/wp\/v2\/types\/post"}],"author":[{"embeddable":true,"href":"https:\/\/fightwithgluten.com\/en\/wp-json\/wp\/v2\/users\/1"}],"replies":[{"embeddable":true,"href":"https:\/\/fightwithgluten.com\/en\/wp-json\/wp\/v2\/comments?post=211"}],"version-history":[{"count":1,"href":"https:\/\/fightwithgluten.com\/en\/wp-json\/wp\/v2\/posts\/211\/revisions"}],"predecessor-version":[{"id":212,"href":"https:\/\/fightwithgluten.com\/en\/wp-json\/wp\/v2\/posts\/211\/revisions\/212"}],"wp:featuredmedia":[{"embeddable":true,"href":"https:\/\/fightwithgluten.com\/en\/wp-json\/wp\/v2\/media\/294"}],"wp:attachment":[{"href":"https:\/\/fightwithgluten.com\/en\/wp-json\/wp\/v2\/media?parent=211"}],"wp:term":[{"taxonomy":"category","embeddable":true,"href":"https:\/\/fightwithgluten.com\/en\/wp-json\/wp\/v2\/categories?post=211"},{"taxonomy":"post_tag","embeddable":true,"href":"https:\/\/fightwithgluten.com\/en\/wp-json\/wp\/v2\/tags?post=211"}],"curies":[{"name":"wp","href":"https:\/\/api.w.org\/{rel}","templated":true}]}}